{"id":111,"date":"2019-04-13T10:00:13","date_gmt":"2019-04-13T10:00:13","guid":{"rendered":"https:\/\/bayareacrisisnursery.org\/?p=111"},"modified":"2020-04-25T01:01:26","modified_gmt":"2020-04-25T01:01:26","slug":"the-bay-area-crisis-nursery-welcomes-tara-bartholomew-as-the-new-executive-director","status":"publish","type":"post","link":"https:\/\/bayareacrisisnursery.org\/vi\/2019\/04\/13\/the-bay-area-crisis-nursery-welcomes-tara-bartholomew-as-the-new-executive-director\/","title":{"rendered":"V\u01b0\u1eddn \u01b0\u01a1m Kh\u1ee7ng ho\u1ea3ng V\u00f9ng V\u1ecbnh ch\u00e0o \u0111\u00f3n Tara Bartholomew l\u00e0m Gi\u00e1m \u0111\u1ed1c \u0110i\u1ec1u h\u00e0nh M\u1edbi"},"content":{"rendered":"<p>V\u01b0\u1eddn \u01b0\u01a1m Kh\u1ee7ng ho\u1ea3ng V\u00f9ng V\u1ecbnh (BACN) l\u00e0 m\u1ed9t t\u1ed5 ch\u1ee9c phi l\u1ee3i nhu\u1eadn c\u00f3 s\u1ee9 m\u1ec7nh l\u00e0 ph\u00f2ng ch\u1ed1ng l\u1ea1m d\u1ee5ng tr\u1ebb em. M\u1ee5c \u0111\u00edch c\u1ee7a Bay area Crisis Nursery l\u00e0 ng\u0103n ch\u1eb7n vi\u1ec7c l\u1ea1m d\u1ee5ng v\u00e0 b\u1ecf r\u01a1i tr\u1ebb nh\u1ecf b\u1eb1ng c\u00e1ch cung c\u1ea5p h\u1ed7 tr\u1ee3 cho c\u00e1c gia \u0111\u00ecnh \u0111ang g\u1eb7p c\u0103ng th\u1eb3ng ho\u1eb7c kh\u1ee7ng ho\u1ea3ng. Sau 5 th\u00e1ng t\u00ecm ki\u1ebfm, Bay Area Crisis Nursery vui m\u1eebng th\u00f4ng b\u00e1o r\u1eb1ng Tara Bartholomew \u0111\u00e3 gia nh\u1eadp t\u1ed5 ch\u1ee9c v\u1edbi t\u01b0 c\u00e1ch l\u00e0 gi\u00e1m \u0111\u1ed1c \u0111i\u1ec1u h\u00e0nh m\u1edbi. <\/p>\n\n\n\n<p>Tara theo ch\u00e2n Ng\u01b0\u1eddi s\u00e1ng l\u1eadp v\u01b0\u1eddn tr\u1ebb, Ch\u1ecb Ann Weltz, c\u1ee7a c\u00e1c N\u1eef tu Th\u00e1nh Giuse th\u00e0nh Carondelet, ng\u01b0\u1eddi \u0111\u00e3 \u0111i\u1ec1u h\u00e0nh nh\u00e0 tr\u1ebb trong 37 n\u0103m. Ch\u1ecb Ann m\u01a1 \u01b0\u1edbc m\u1edf m\u1ed9t nh\u00e0 tr\u1ebb kh\u1ee7ng ho\u1ea3ng \u1edf Bay Area sau khi l\u00e0m tr\u1ee3 l\u00fd gi\u00e1m \u0111\u1ed1c t\u1ea1i m\u1ed9t nh\u00e0 tr\u1ebb kh\u1ee7ng ho\u1ea3ng \u1edf Arizona. C\u00f4 \u1ea5y \u0111\u00e3 m\u1ed9t tay g\u00e2y qu\u1ef9 c\u1ea7n thi\u1ebft \u0111\u1ec3 m\u1edf n\u01a1i m\u00e0 b\u00e2y gi\u1edd v\u1eabn l\u00e0 v\u01b0\u1eddn \u01b0\u01a1m kh\u1ee7ng ho\u1ea3ng duy nh\u1ea5t \u1edf V\u00f9ng V\u1ecbnh. <\/p>\n\n\n\n<p>\u201cNh\u00e0 tr\u1ebb \u0111\u01b0\u1ee3c x\u00e2y d\u1ef1ng d\u1ef1a tr\u00ean ni\u1ec1m tin, t\u00ecnh y\u00eau v\u00e0 s\u1ef1 t\u1eadn t\u00e2m c\u1ee7a Ch\u1ecb Ann. T\u00f4i \u0111\u00e3 ng\u01b0\u1ee1ng m\u1ed9 v\u00e0 ng\u01b0\u1ee1ng m\u1ed9 c\u00f4 \u1ea5y trong nhi\u1ec1u n\u0103m. T\u00f4i nh\u1edb m\u00ecnh l\u00e0 m\u1ed9t chuy\u00ean gia g\u00e2y qu\u1ef9 tr\u1ebb tu\u1ed5i v\u00e0 \u0111\u00e3 nghe Ch\u1ecb Ann n\u00f3i. C\u00f4 \u1ea5y r\u1ea5t m\u1ea1nh m\u1ebd v\u00e0 l\u00e0 m\u1ed9t ng\u01b0\u1eddi k\u1ec3 chuy\u1ec7n tuy\u1ec7t v\u1eddi. Ni\u1ec1m \u0111am m\u00ea c\u1ee7a c\u00f4 \u1ea5y d\u00e0nh cho tr\u1ebb em, gia \u0111\u00ecnh v\u00e0 c\u00f4ng vi\u1ec7c s\u1ebd khi\u1ebfn c\u1ea3 c\u0103n ph\u00f2ng chuy\u1ec3n \u0111\u1ed9ng, \u201dTara n\u00f3i. \u201cT\u00f4i kh\u00f4ng th\u1ec3 l\u1ea5p \u0111\u1ea7y \u0111\u00f4i gi\u00e0y c\u1ee7a c\u00f4 \u1ea5y nh\u01b0ng ch\u00fang t\u00f4i s\u1ebd \u0111\u1ea3m b\u1ea3o r\u1eb1ng di s\u1ea3n c\u1ee7a c\u00f4 \u1ea5y s\u1ebd t\u1ed3n t\u1ea1i v\u00e0 v\u01b0\u1eddn tr\u1ebb ti\u1ebfp t\u1ee5c ph\u00e1t tri\u1ec3n.\u201d<\/p>\n\n\n\n<p>Tara l\u1edbn l\u00ean \u1edf V\u1ecbnh \u0110\u00f4ng v\u00e0 \u0111\u00e3 t\u1eadn t\u00e2m l\u00e0m vi\u1ec7c v\u1edbi tr\u1ebb em v\u00e0 gia \u0111\u00ecnh trong hai m\u01b0\u01a1i n\u0103m. Kinh nghi\u1ec7m c\u1ee7a c\u00f4 bao g\u1ed3m l\u00e0m vi\u1ec7c trong c\u00e1c c\u01a1 quan ph\u00f2ng ch\u1ed1ng v\u00e0 \u0111i\u1ec1u tr\u1ecb l\u1ea1m d\u1ee5ng tr\u1ebb em v\u00e0 trong l\u0129nh v\u1ef1c ch\u0103m s\u00f3c tr\u1ebb em. H\u1ed9i \u0111\u1ed3ng qu\u1ea3n tr\u1ecb r\u1ea5t \u1ea5n t\u01b0\u1ee3ng v\u1edbi s\u1ef1 ng\u01b0\u1ee1ng m\u1ed9 c\u1ee7a c\u00f4 \u1ea5y \u0111\u1ed1i v\u1edbi ch\u00ednh nh\u00e0 tr\u1ebb c\u0169ng nh\u01b0 cam k\u1ebft s\u00e2u s\u1eafc c\u1ee7a c\u00f4 \u1ea5y trong vi\u1ec7c l\u00e0m vi\u1ec7c v\u1edbi tr\u1ebb em v\u00e0 gia \u0111\u00ecnh, k\u1ef9 n\u0103ng l\u00e3nh \u0111\u1ea1o m\u1ea1nh m\u1ebd c\u1ee7a c\u00f4 \u1ea5y v\u00e0 th\u00e0nh c\u00f4ng c\u1ee7a c\u00f4 \u1ea5y trong vi\u1ec7c g\u00e2y qu\u1ef9. <\/p>\n\n\n\n<p>Lynne Vuskovic, Ch\u1ee7 t\u1ecbch H\u1ed9i \u0111\u1ed3ng cho bi\u1ebft: \u201cR\u1ea5t vui \u0111\u01b0\u1ee3c ch\u00e0o \u0111\u00f3n Tara \u0111\u1ebfn v\u1edbi V\u01b0\u1eddn \u01b0\u01a1m Kh\u1ee7ng ho\u1ea3ng V\u00f9ng V\u1ecbnh. \u201cKinh nghi\u1ec7m c\u1ee7a Tara khi l\u00e0m vi\u1ec7c trong nhi\u1ec1u vai tr\u00f2 h\u1ed7 tr\u1ee3 tr\u1ebb em ho\u00e0n to\u00e0n ph\u00f9 h\u1ee3p v\u1edbi s\u1ee9 m\u1ec7nh c\u1ee7a BACN. Ban gi\u00e1m \u0111\u1ed1c r\u1ea5t mong \u0111\u1ee3i s\u1ef1 nhi\u1ec7t t\u00ecnh v\u00e0 th\u00e1i \u0111\u1ed9 c\u00f3 th\u1ec3 l\u00e0m \u0111\u01b0\u1ee3c c\u1ee7a Tara trong khi t\u1ea5t c\u1ea3 ch\u00fang ta c\u00f9ng nhau n\u1ed7 l\u1ef1c v\u00e0 ti\u1ebfp t\u1ee5c ho\u00e0n th\u00e0nh s\u1ee9 m\u1ec7nh c\u1ee7a nh\u00e0 tr\u1ebb. Ch\u00fang t\u00f4i t\u1ef1 tin r\u1eb1ng c\u00f4 \u1ea5y c\u00f3 nh\u1eefng k\u1ef9 n\u0103ng ph\u00f9 h\u1ee3p \u0111\u1ec3 d\u1eabn d\u1eaft ch\u00fang t\u00f4i \u0111\u1ebfn nh\u1eefng th\u00e0nh c\u00f4ng trong t\u01b0\u01a1ng lai, \u0111\u1ed3ng th\u1eddi t\u00f4n vinh v\u00e0 t\u00f4n tr\u1ecdng nh\u1eefng th\u00e0nh t\u00edch trong qu\u00e1 kh\u1ee9 c\u1ee7a ch\u00fang t\u00f4i \u201d. Nhi\u1ec7m v\u1ee5 c\u1ee7a nh\u00e0 tr\u1ebb l\u00e0 ng\u0103n ch\u1eb7n l\u1ea1m d\u1ee5ng v\u00e0 b\u1ecf b\u00ea. Tr\u1ecdng t\u00e2m c\u1ee7a c\u01a1 quan l\u00e0 \u0111\u1ed9i ng\u0169 nh\u00e2n vi\u00ean v\u00e0 \u0111\u00f4ng \u0111\u1ea3o t\u00ecnh nguy\u1ec7n vi\u00ean ch\u0103m s\u00f3c c\u00e1c em nh\u1ecf h\u00e0ng ng\u00e0y. <\/p>","protected":false},"excerpt":{"rendered":"<p>V\u01b0\u1eddn \u01b0\u01a1m Kh\u1ee7ng ho\u1ea3ng V\u00f9ng V\u1ecbnh (BACN) l\u00e0 m\u1ed9t t\u1ed5 ch\u1ee9c phi l\u1ee3i nhu\u1eadn c\u00f3 s\u1ee9 m\u1ec7nh l\u00e0 ph\u00f2ng ch\u1ed1ng l\u1ea1m d\u1ee5ng tr\u1ebb em. M\u1ee5c \u0111\u00edch c\u1ee7a Bay area Crisis Nursery l\u00e0 ng\u0103n ch\u1eb7n vi\u1ec7c l\u1ea1m d\u1ee5ng v\u00e0 b\u1ecf r\u01a1i tr\u1ebb nh\u1ecf b\u1eb1ng c\u00e1ch cung c\u1ea5p h\u1ed7 tr\u1ee3 cho c\u00e1c gia \u0111\u00ecnh \u0111ang g\u1eb7p c\u0103ng th\u1eb3ng ho\u1eb7c kh\u1ee7ng ho\u1ea3ng. Sau 5 th\u00e1ng t\u00ecm ki\u1ebfm, V\u01b0\u1eddn \u01b0\u01a1m Kh\u1ee7ng ho\u1ea3ng V\u00f9ng V\u1ecbnh r\u1ea5t vui m\u1eebng th\u00f4ng b\u00e1o r\u1eb1ng Tara Bartholomew\u2026 <a href=\"https:\/\/bayareacrisisnursery.org\/vi\/2019\/04\/13\/the-bay-area-crisis-nursery-welcomes-tara-bartholomew-as-the-new-executive-director\/\" class=\"more-link\">\u0110\u1ecdc th\u00eam<\/a><\/p>","protected":false},"author":1,"featured_media":117,"comment_status":"open","ping_status":"open","sticky":false,"template":"","format":"standard","meta":{"om_disable_all_campaigns":false,"_monsterinsights_skip_tracking":false,"_monsterinsights_sitenote_active":false,"_monsterinsights_sitenote_note":"","_monsterinsights_sitenote_category":0,"_uf_show_specific_survey":0,"_uf_disable_surveys":false,"footnotes":""},"categories":[63],"tags":[67,68,66,69,70,64,65],"class_list":["post-111","post","type-post","status-publish","format-standard","has-post-thumbnail","hentry","category-bacn-team","tag-bacn","tag-bay-area-crisis-nursery","tag-executive-director","tag-leadership","tag-leadership-team","tag-tara","tag-tara-bartholomew"],"yoast_head":"<!-- This site is optimized with the Yoast SEO Premium plugin v27.2 (Yoast SEO v27.2) - https:\/\/yoast.com\/product\/yoast-seo-premium-wordpress\/ -->\n<title>The Bay Area Crisis Nursery Welcomes Tara Bartholomew as the New Executive Director - Bay Area Crisis Nursery<\/title>\n<meta name=\"description\" content=\"After a 5-month search, the Bay Area Crisis Nursery is excited to announce that Tara Bartholomew has joined the organization as the new executive director.\" \/>\n<meta name=\"robots\" content=\"index, follow, max-snippet:-1, max-image-preview:large, max-video-preview:-1\" \/>\n<link rel=\"canonical\" href=\"https:\/\/bayareacrisisnursery.org\/vi\/2019\/04\/13\/the-bay-area-crisis-nursery-welcomes-tara-bartholomew-as-the-new-executive-director\/\" \/>\n<meta property=\"og:locale\" content=\"vi_VN\" \/>\n<meta property=\"og:type\" content=\"article\" \/>\n<meta property=\"og:title\" content=\"The Bay Area Crisis Nursery Welcomes Tara Bartholomew as the New Executive Director\" \/>\n<meta property=\"og:description\" content=\"After a 5-month search, the Bay Area Crisis Nursery is excited to announce that Tara Bartholomew has joined the organization as the new executive director.\" \/>\n<meta property=\"og:url\" content=\"https:\/\/bayareacrisisnursery.org\/vi\/2019\/04\/13\/the-bay-area-crisis-nursery-welcomes-tara-bartholomew-as-the-new-executive-director\/\" \/>\n<meta property=\"og:site_name\" content=\"Bay Area Crisis Nursery\" \/>\n<meta property=\"article:publisher\" content=\"https:\/\/www.facebook.com\/bacnspage\/\" \/>\n<meta property=\"article:published_time\" content=\"2019-04-13T10:00:13+00:00\" \/>\n<meta property=\"article:modified_time\" content=\"2020-04-25T01:01:26+00:00\" \/>\n<meta property=\"og:image\" content=\"https:\/\/bayareacrisisnursery.org\/wp-content\/uploads\/2019\/04\/Tara.jpg\" \/>\n\t<meta property=\"og:image:width\" content=\"585\" \/>\n\t<meta property=\"og:image:height\" content=\"585\" \/>\n\t<meta property=\"og:image:type\" content=\"image\/jpeg\" \/>\n<meta name=\"author\" content=\"Tara\" \/>\n<meta name=\"twitter:card\" content=\"summary_large_image\" \/>\n<meta name=\"twitter:creator\" content=\"@bacn_nursery\" \/>\n<meta name=\"twitter:site\" content=\"@bacn_nursery\" \/>\n<meta name=\"twitter:label1\" content=\"\u0110\u01b0\u1ee3c vi\u1ebft b\u1edfi\" \/>\n\t<meta name=\"twitter:data1\" content=\"Tara\" \/>\n\t<meta name=\"twitter:label2\" content=\"\u01af\u1edbc t\u00ednh th\u1eddi gian \u0111\u1ecdc\" \/>\n\t<meta name=\"twitter:data2\" content=\"2 ph\u00fat\" \/>\n<script type=\"application\/ld+json\" class=\"yoast-schema-graph\">{\"@context\":\"https:\/\/schema.org\",\"@graph\":[{\"@type\":\"Article\",\"@id\":\"https:\/\/bayareacrisisnursery.org\/es\/2019\/04\/13\/the-bay-area-crisis-nursery-welcomes-tara-bartholomew-as-the-new-executive-director\/#article\",\"isPartOf\":{\"@id\":\"https:\/\/bayareacrisisnursery.org\/es\/2019\/04\/13\/the-bay-area-crisis-nursery-welcomes-tara-bartholomew-as-the-new-executive-director\/\"},\"author\":{\"name\":\"Tara\",\"@id\":\"https:\/\/bayareacrisisnursery.org\/#\/schema\/person\/2b0528c5f3a014f33612f43edf4731ea\"},\"headline\":\"The Bay Area Crisis Nursery Welcomes Tara Bartholomew as the New Executive Director\",\"datePublished\":\"2019-04-13T10:00:13+00:00\",\"dateModified\":\"2020-04-25T01:01:26+00:00\",\"mainEntityOfPage\":{\"@id\":\"https:\/\/bayareacrisisnursery.org\/es\/2019\/04\/13\/the-bay-area-crisis-nursery-welcomes-tara-bartholomew-as-the-new-executive-director\/\"},\"wordCount\":417,\"commentCount\":3,\"publisher\":{\"@id\":\"https:\/\/bayareacrisisnursery.org\/#organization\"},\"image\":{\"@id\":\"https:\/\/bayareacrisisnursery.org\/es\/2019\/04\/13\/the-bay-area-crisis-nursery-welcomes-tara-bartholomew-as-the-new-executive-director\/#primaryimage\"},\"thumbnailUrl\":\"https:\/\/bayareacrisisnursery.org\/wp-content\/uploads\/2019\/04\/Tara.jpg\",\"keywords\":[\"BACN\",\"Bay Area Crisis Nursery\",\"Executive Director\",\"Leadership\",\"Leadership Team\",\"Tara\",\"Tara Bartholomew\"],\"articleSection\":[\"BACN Team\"],\"inLanguage\":\"vi\",\"potentialAction\":[{\"@type\":\"CommentAction\",\"name\":\"Comment\",\"target\":[\"https:\/\/bayareacrisisnursery.org\/es\/2019\/04\/13\/the-bay-area-crisis-nursery-welcomes-tara-bartholomew-as-the-new-executive-director\/#respond\"]}]},{\"@type\":\"WebPage\",\"@id\":\"https:\/\/bayareacrisisnursery.org\/es\/2019\/04\/13\/the-bay-area-crisis-nursery-welcomes-tara-bartholomew-as-the-new-executive-director\/\",\"url\":\"https:\/\/bayareacrisisnursery.org\/es\/2019\/04\/13\/the-bay-area-crisis-nursery-welcomes-tara-bartholomew-as-the-new-executive-director\/\",\"name\":\"The Bay Area Crisis Nursery Welcomes Tara Bartholomew as the New Executive Director - Bay Area Crisis Nursery\",\"isPartOf\":{\"@id\":\"https:\/\/bayareacrisisnursery.org\/#website\"},\"primaryImageOfPage\":{\"@id\":\"https:\/\/bayareacrisisnursery.org\/es\/2019\/04\/13\/the-bay-area-crisis-nursery-welcomes-tara-bartholomew-as-the-new-executive-director\/#primaryimage\"},\"image\":{\"@id\":\"https:\/\/bayareacrisisnursery.org\/es\/2019\/04\/13\/the-bay-area-crisis-nursery-welcomes-tara-bartholomew-as-the-new-executive-director\/#primaryimage\"},\"thumbnailUrl\":\"https:\/\/bayareacrisisnursery.org\/wp-content\/uploads\/2019\/04\/Tara.jpg\",\"datePublished\":\"2019-04-13T10:00:13+00:00\",\"dateModified\":\"2020-04-25T01:01:26+00:00\",\"description\":\"After a 5-month search, the Bay Area Crisis Nursery is excited to announce that Tara Bartholomew has joined the organization as the new executive director.\",\"breadcrumb\":{\"@id\":\"https:\/\/bayareacrisisnursery.org\/es\/2019\/04\/13\/the-bay-area-crisis-nursery-welcomes-tara-bartholomew-as-the-new-executive-director\/#breadcrumb\"},\"inLanguage\":\"vi\",\"potentialAction\":[{\"@type\":\"ReadAction\",\"target\":[\"https:\/\/bayareacrisisnursery.org\/es\/2019\/04\/13\/the-bay-area-crisis-nursery-welcomes-tara-bartholomew-as-the-new-executive-director\/\"]}]},{\"@type\":\"ImageObject\",\"inLanguage\":\"vi\",\"@id\":\"https:\/\/bayareacrisisnursery.org\/es\/2019\/04\/13\/the-bay-area-crisis-nursery-welcomes-tara-bartholomew-as-the-new-executive-director\/#primaryimage\",\"url\":\"https:\/\/bayareacrisisnursery.org\/wp-content\/uploads\/2019\/04\/Tara.jpg\",\"contentUrl\":\"https:\/\/bayareacrisisnursery.org\/wp-content\/uploads\/2019\/04\/Tara.jpg\",\"width\":585,\"height\":585,\"caption\":\"Tara, Executive Director\"},{\"@type\":\"BreadcrumbList\",\"@id\":\"https:\/\/bayareacrisisnursery.org\/es\/2019\/04\/13\/the-bay-area-crisis-nursery-welcomes-tara-bartholomew-as-the-new-executive-director\/#breadcrumb\",\"itemListElement\":[{\"@type\":\"ListItem\",\"position\":1,\"name\":\"Home\",\"item\":\"https:\/\/bayareacrisisnursery.org\/\"},{\"@type\":\"ListItem\",\"position\":2,\"name\":\"The Bay Area Crisis Nursery Welcomes Tara Bartholomew as the New Executive Director\"}]},{\"@type\":\"WebSite\",\"@id\":\"https:\/\/bayareacrisisnursery.org\/#website\",\"url\":\"https:\/\/bayareacrisisnursery.org\/\",\"name\":\"Bay Area Crisis Nursery\",\"description\":\"A Little Heart. A Little Help. A Lot of Hope.\",\"publisher\":{\"@id\":\"https:\/\/bayareacrisisnursery.org\/#organization\"},\"potentialAction\":[{\"@type\":\"SearchAction\",\"target\":{\"@type\":\"EntryPoint\",\"urlTemplate\":\"https:\/\/bayareacrisisnursery.org\/?s={search_term_string}\"},\"query-input\":{\"@type\":\"PropertyValueSpecification\",\"valueRequired\":true,\"valueName\":\"search_term_string\"}}],\"inLanguage\":\"vi\"},{\"@type\":\"Organization\",\"@id\":\"https:\/\/bayareacrisisnursery.org\/#organization\",\"name\":\"Bay Area Crisis Nursery\",\"url\":\"https:\/\/bayareacrisisnursery.org\/\",\"logo\":{\"@type\":\"ImageObject\",\"inLanguage\":\"vi\",\"@id\":\"https:\/\/bayareacrisisnursery.org\/#\/schema\/logo\/image\/\",\"url\":\"https:\/\/bayareacrisisnursery.org\/wp-content\/uploads\/2020\/12\/BACN-Logo.png\",\"contentUrl\":\"https:\/\/bayareacrisisnursery.org\/wp-content\/uploads\/2020\/12\/BACN-Logo.png\",\"width\":751,\"height\":374,\"caption\":\"Bay Area Crisis Nursery\"},\"image\":{\"@id\":\"https:\/\/bayareacrisisnursery.org\/#\/schema\/logo\/image\/\"},\"sameAs\":[\"https:\/\/www.facebook.com\/bacnspage\/\",\"https:\/\/x.com\/bacn_nursery\",\"https:\/\/www.instagram.com\/bayareacrisisnursery\/\",\"https:\/\/www.linkedin.com\/company\/bay-area-crisis-nursery\/about\/\"]},{\"@type\":\"Person\",\"@id\":\"https:\/\/bayareacrisisnursery.org\/#\/schema\/person\/2b0528c5f3a014f33612f43edf4731ea\",\"name\":\"Tara\",\"image\":{\"@type\":\"ImageObject\",\"inLanguage\":\"vi\",\"@id\":\"https:\/\/secure.gravatar.com\/avatar\/d4cab6a2ac13a46866c4d81cd133f2beb6cdc35c2ec5e2c1dfb59ef3a9f4fa3b?s=96&d=mm&r=g\",\"url\":\"https:\/\/secure.gravatar.com\/avatar\/d4cab6a2ac13a46866c4d81cd133f2beb6cdc35c2ec5e2c1dfb59ef3a9f4fa3b?s=96&d=mm&r=g\",\"contentUrl\":\"https:\/\/secure.gravatar.com\/avatar\/d4cab6a2ac13a46866c4d81cd133f2beb6cdc35c2ec5e2c1dfb59ef3a9f4fa3b?s=96&d=mm&r=g\",\"caption\":\"Tara\"},\"url\":\"https:\/\/bayareacrisisnursery.org\/vi\/author\/tarbar5_m1whqr\/\"}]}<\/script>\n<!-- \/ Yoast SEO Premium plugin. -->","yoast_head_json":{"title":"The Bay Area Crisis Nursery Welcomes Tara Bartholomew as the New Executive Director - Bay Area Crisis Nursery","description":"After a 5-month search, the Bay Area Crisis Nursery is excited to announce that Tara Bartholomew has joined the organization as the new executive director.","robots":{"index":"index","follow":"follow","max-snippet":"max-snippet:-1","max-image-preview":"max-image-preview:large","max-video-preview":"max-video-preview:-1"},"canonical":"https:\/\/bayareacrisisnursery.org\/vi\/2019\/04\/13\/the-bay-area-crisis-nursery-welcomes-tara-bartholomew-as-the-new-executive-director\/","og_locale":"vi_VN","og_type":"article","og_title":"The Bay Area Crisis Nursery Welcomes Tara Bartholomew as the New Executive Director","og_description":"After a 5-month search, the Bay Area Crisis Nursery is excited to announce that Tara Bartholomew has joined the organization as the new executive director.","og_url":"https:\/\/bayareacrisisnursery.org\/vi\/2019\/04\/13\/the-bay-area-crisis-nursery-welcomes-tara-bartholomew-as-the-new-executive-director\/","og_site_name":"Bay Area Crisis Nursery","article_publisher":"https:\/\/www.facebook.com\/bacnspage\/","article_published_time":"2019-04-13T10:00:13+00:00","article_modified_time":"2020-04-25T01:01:26+00:00","og_image":[{"width":585,"height":585,"url":"https:\/\/bayareacrisisnursery.org\/wp-content\/uploads\/2019\/04\/Tara.jpg","type":"image\/jpeg"}],"author":"Tara","twitter_card":"summary_large_image","twitter_creator":"@bacn_nursery","twitter_site":"@bacn_nursery","twitter_misc":{"\u0110\u01b0\u1ee3c vi\u1ebft b\u1edfi":"Tara","\u01af\u1edbc t\u00ednh th\u1eddi gian \u0111\u1ecdc":"2 ph\u00fat"},"schema":{"@context":"https:\/\/schema.org","@graph":[{"@type":"Article","@id":"https:\/\/bayareacrisisnursery.org\/es\/2019\/04\/13\/the-bay-area-crisis-nursery-welcomes-tara-bartholomew-as-the-new-executive-director\/#article","isPartOf":{"@id":"https:\/\/bayareacrisisnursery.org\/es\/2019\/04\/13\/the-bay-area-crisis-nursery-welcomes-tara-bartholomew-as-the-new-executive-director\/"},"author":{"name":"Tara","@id":"https:\/\/bayareacrisisnursery.org\/#\/schema\/person\/2b0528c5f3a014f33612f43edf4731ea"},"headline":"The Bay Area Crisis Nursery Welcomes Tara Bartholomew as the New Executive Director","datePublished":"2019-04-13T10:00:13+00:00","dateModified":"2020-04-25T01:01:26+00:00","mainEntityOfPage":{"@id":"https:\/\/bayareacrisisnursery.org\/es\/2019\/04\/13\/the-bay-area-crisis-nursery-welcomes-tara-bartholomew-as-the-new-executive-director\/"},"wordCount":417,"commentCount":3,"publisher":{"@id":"https:\/\/bayareacrisisnursery.org\/#organization"},"image":{"@id":"https:\/\/bayareacrisisnursery.org\/es\/2019\/04\/13\/the-bay-area-crisis-nursery-welcomes-tara-bartholomew-as-the-new-executive-director\/#primaryimage"},"thumbnailUrl":"https:\/\/bayareacrisisnursery.org\/wp-content\/uploads\/2019\/04\/Tara.jpg","keywords":["BACN","Bay Area Crisis Nursery","Executive Director","Leadership","Leadership Team","Tara","Tara Bartholomew"],"articleSection":["BACN Team"],"inLanguage":"vi","potentialAction":[{"@type":"CommentAction","name":"Comment","target":["https:\/\/bayareacrisisnursery.org\/es\/2019\/04\/13\/the-bay-area-crisis-nursery-welcomes-tara-bartholomew-as-the-new-executive-director\/#respond"]}]},{"@type":"WebPage","@id":"https:\/\/bayareacrisisnursery.org\/es\/2019\/04\/13\/the-bay-area-crisis-nursery-welcomes-tara-bartholomew-as-the-new-executive-director\/","url":"https:\/\/bayareacrisisnursery.org\/es\/2019\/04\/13\/the-bay-area-crisis-nursery-welcomes-tara-bartholomew-as-the-new-executive-director\/","name":"The Bay Area Crisis Nursery Welcomes Tara Bartholomew as the New Executive Director - Bay Area Crisis Nursery","isPartOf":{"@id":"https:\/\/bayareacrisisnursery.org\/#website"},"primaryImageOfPage":{"@id":"https:\/\/bayareacrisisnursery.org\/es\/2019\/04\/13\/the-bay-area-crisis-nursery-welcomes-tara-bartholomew-as-the-new-executive-director\/#primaryimage"},"image":{"@id":"https:\/\/bayareacrisisnursery.org\/es\/2019\/04\/13\/the-bay-area-crisis-nursery-welcomes-tara-bartholomew-as-the-new-executive-director\/#primaryimage"},"thumbnailUrl":"https:\/\/bayareacrisisnursery.org\/wp-content\/uploads\/2019\/04\/Tara.jpg","datePublished":"2019-04-13T10:00:13+00:00","dateModified":"2020-04-25T01:01:26+00:00","description":"After a 5-month search, the Bay Area Crisis Nursery is excited to announce that Tara Bartholomew has joined the organization as the new executive director.","breadcrumb":{"@id":"https:\/\/bayareacrisisnursery.org\/es\/2019\/04\/13\/the-bay-area-crisis-nursery-welcomes-tara-bartholomew-as-the-new-executive-director\/#breadcrumb"},"inLanguage":"vi","potentialAction":[{"@type":"ReadAction","target":["https:\/\/bayareacrisisnursery.org\/es\/2019\/04\/13\/the-bay-area-crisis-nursery-welcomes-tara-bartholomew-as-the-new-executive-director\/"]}]},{"@type":"ImageObject","inLanguage":"vi","@id":"https:\/\/bayareacrisisnursery.org\/es\/2019\/04\/13\/the-bay-area-crisis-nursery-welcomes-tara-bartholomew-as-the-new-executive-director\/#primaryimage","url":"https:\/\/bayareacrisisnursery.org\/wp-content\/uploads\/2019\/04\/Tara.jpg","contentUrl":"https:\/\/bayareacrisisnursery.org\/wp-content\/uploads\/2019\/04\/Tara.jpg","width":585,"height":585,"caption":"Tara, Executive Director"},{"@type":"BreadcrumbList","@id":"https:\/\/bayareacrisisnursery.org\/es\/2019\/04\/13\/the-bay-area-crisis-nursery-welcomes-tara-bartholomew-as-the-new-executive-director\/#breadcrumb","itemListElement":[{"@type":"ListItem","position":1,"name":"Home","item":"https:\/\/bayareacrisisnursery.org\/"},{"@type":"ListItem","position":2,"name":"The Bay Area Crisis Nursery Welcomes Tara Bartholomew as the New Executive Director"}]},{"@type":"WebSite","@id":"https:\/\/bayareacrisisnursery.org\/#website","url":"https:\/\/bayareacrisisnursery.org\/","name":"V\u01b0\u1eddn \u01b0\u01a1m Kh\u1ee7ng ho\u1ea3ng V\u00f9ng V\u1ecbnh","description":"M\u1ed9t Tr\u00e1i Tim Nh\u1ecf. M\u1ed9t s\u1ef1 gi\u00fap \u0111\u1ee1 nho nh\u1ecf. R\u1ea5t nhi\u1ec1u hy v\u1ecdng.","publisher":{"@id":"https:\/\/bayareacrisisnursery.org\/#organization"},"potentialAction":[{"@type":"SearchAction","target":{"@type":"EntryPoint","urlTemplate":"https:\/\/bayareacrisisnursery.org\/?s={search_term_string}"},"query-input":{"@type":"PropertyValueSpecification","valueRequired":true,"valueName":"search_term_string"}}],"inLanguage":"vi"},{"@type":"Organization","@id":"https:\/\/bayareacrisisnursery.org\/#organization","name":"V\u01b0\u1eddn \u01b0\u01a1m Kh\u1ee7ng ho\u1ea3ng V\u00f9ng V\u1ecbnh","url":"https:\/\/bayareacrisisnursery.org\/","logo":{"@type":"ImageObject","inLanguage":"vi","@id":"https:\/\/bayareacrisisnursery.org\/#\/schema\/logo\/image\/","url":"https:\/\/bayareacrisisnursery.org\/wp-content\/uploads\/2020\/12\/BACN-Logo.png","contentUrl":"https:\/\/bayareacrisisnursery.org\/wp-content\/uploads\/2020\/12\/BACN-Logo.png","width":751,"height":374,"caption":"Bay Area Crisis Nursery"},"image":{"@id":"https:\/\/bayareacrisisnursery.org\/#\/schema\/logo\/image\/"},"sameAs":["https:\/\/www.facebook.com\/bacnspage\/","https:\/\/x.com\/bacn_nursery","https:\/\/www.instagram.com\/bayareacrisisnursery\/","https:\/\/www.linkedin.com\/company\/bay-area-crisis-nursery\/about\/"]},{"@type":"Person","@id":"https:\/\/bayareacrisisnursery.org\/#\/schema\/person\/2b0528c5f3a014f33612f43edf4731ea","name":"Tara","image":{"@type":"ImageObject","inLanguage":"vi","@id":"https:\/\/secure.gravatar.com\/avatar\/d4cab6a2ac13a46866c4d81cd133f2beb6cdc35c2ec5e2c1dfb59ef3a9f4fa3b?s=96&d=mm&r=g","url":"https:\/\/secure.gravatar.com\/avatar\/d4cab6a2ac13a46866c4d81cd133f2beb6cdc35c2ec5e2c1dfb59ef3a9f4fa3b?s=96&d=mm&r=g","contentUrl":"https:\/\/secure.gravatar.com\/avatar\/d4cab6a2ac13a46866c4d81cd133f2beb6cdc35c2ec5e2c1dfb59ef3a9f4fa3b?s=96&d=mm&r=g","caption":"Tara"},"url":"https:\/\/bayareacrisisnursery.org\/vi\/author\/tarbar5_m1whqr\/"}]}},"jetpack_featured_media_url":"https:\/\/bayareacrisisnursery.org\/wp-content\/uploads\/2019\/04\/Tara.jpg","_links":{"self":[{"href":"https:\/\/bayareacrisisnursery.org\/vi\/wp-json\/wp\/v2\/posts\/111","targetHints":{"allow":["GET"]}}],"collection":[{"href":"https:\/\/bayareacrisisnursery.org\/vi\/wp-json\/wp\/v2\/posts"}],"about":[{"href":"https:\/\/bayareacrisisnursery.org\/vi\/wp-json\/wp\/v2\/types\/post"}],"author":[{"embeddable":true,"href":"https:\/\/bayareacrisisnursery.org\/vi\/wp-json\/wp\/v2\/users\/1"}],"replies":[{"embeddable":true,"href":"https:\/\/bayareacrisisnursery.org\/vi\/wp-json\/wp\/v2\/comments?post=111"}],"version-history":[{"count":1,"href":"https:\/\/bayareacrisisnursery.org\/vi\/wp-json\/wp\/v2\/posts\/111\/revisions"}],"predecessor-version":[{"id":112,"href":"https:\/\/bayareacrisisnursery.org\/vi\/wp-json\/wp\/v2\/posts\/111\/revisions\/112"}],"wp:featuredmedia":[{"embeddable":true,"href":"https:\/\/bayareacrisisnursery.org\/vi\/wp-json\/wp\/v2\/media\/117"}],"wp:attachment":[{"href":"https:\/\/bayareacrisisnursery.org\/vi\/wp-json\/wp\/v2\/media?parent=111"}],"wp:term":[{"taxonomy":"category","embeddable":true,"href":"https:\/\/bayareacrisisnursery.org\/vi\/wp-json\/wp\/v2\/categories?post=111"},{"taxonomy":"post_tag","embeddable":true,"href":"https:\/\/bayareacrisisnursery.org\/vi\/wp-json\/wp\/v2\/tags?post=111"}],"curies":[{"name":"wp","href":"https:\/\/api.w.org\/{rel}","templated":true}]}}